

{"id":118,"date":"2025-10-10T13:04:40","date_gmt":"2025-10-10T13:04:40","guid":{"rendered":"https:\/\/ambiatragi.com\/?p=118"},"modified":"2025-10-10T13:04:40","modified_gmt":"2025-10-10T13:04:40","slug":"gestion-del-tiempo-para-personas-creativas","status":"publish","type":"post","link":"https:\/\/ambiatragi.com\/?p=118","title":{"rendered":"Gesti\u00f3n del tiempo para personas creativas"},"content":{"rendered":"<p data-start=\"50\" data-end=\"701\">El tiempo es el recurso m\u00e1s valioso y, al mismo tiempo, el m\u00e1s escurridizo. Para las personas creativas \u2014artistas, dise\u00f1adores, escritores, m\u00fasicos, emprendedores\u2014, gestionarlo puede convertirse en un verdadero desaf\u00edo. La creatividad no responde a horarios fijos, ni se activa bajo presi\u00f3n mec\u00e1nica. Sin embargo, en un mundo que exige resultados r\u00e1pidos y productividad constante, aprender a equilibrar la inspiraci\u00f3n con la organizaci\u00f3n se vuelve esencial. En Espa\u00f1a, donde la vida cultural y profesional se entrelaza con un ritmo mediterr\u00e1neo m\u00e1s humano, el reto consiste en encontrar un sistema que respete el flujo creativo sin caer en el caos.<\/p>\n<p data-start=\"703\" data-end=\"1117\">La gesti\u00f3n del tiempo para mentes creativas no se trata de llenar el d\u00eda de tareas, sino de <strong data-start=\"795\" data-end=\"826\">crear estructuras flexibles<\/strong> que permitan la libertad necesaria para innovar. El error m\u00e1s com\u00fan es creer que la planificaci\u00f3n mata la inspiraci\u00f3n. En realidad, una buena organizaci\u00f3n libera espacio mental, reduce el estr\u00e9s y deja que las ideas fluyan con m\u00e1s claridad. El orden no limita la creatividad, la sostiene.<\/p>\n<p data-start=\"1119\" data-end=\"1633\">Uno de los primeros pasos es <strong data-start=\"1148\" data-end=\"1189\">entender los propios ritmos naturales<\/strong>. No todas las personas son productivas a las mismas horas. Algunos se sienten m\u00e1s inspirados al amanecer, otros cuando cae la noche. Observar cu\u00e1ndo surge la energ\u00eda creativa permite dise\u00f1ar una rutina que se adapte a ella. Muchos artistas espa\u00f1oles, por ejemplo, aprovechan la calma de las primeras horas del d\u00eda para concentrarse, dejando las tareas administrativas o sociales para la tarde, cuando el cuerpo y la mente ya buscan descanso.<\/p>\n<p data-start=\"1635\" data-end=\"2156\">Otro principio fundamental es <strong data-start=\"1665\" data-end=\"1721\">diferenciar entre tiempo creativo y tiempo operativo<\/strong>. El primero est\u00e1 dedicado a imaginar, experimentar y crear sin restricciones. El segundo, a ejecutar, corregir o gestionar. Mezclarlos suele provocar bloqueos o frustraci\u00f3n. Separar claramente ambos momentos \u2014aunque solo sea mentalmente\u2014 ayuda a mantener la energ\u00eda adecuada en cada tipo de tarea. En el mundo de la publicidad, el dise\u00f1o o la m\u00fasica, esta distinci\u00f3n marca la diferencia entre un trabajo ca\u00f3tico y un proceso fluido.<\/p>\n<p data-start=\"2158\" data-end=\"2593\">Un m\u00e9todo \u00fatil para muchos creadores es el <strong data-start=\"2201\" data-end=\"2222\">bloqueo de tiempo<\/strong>. Consiste en reservar per\u00edodos espec\u00edficos del d\u00eda para tareas concretas y protegerlos como si fueran compromisos inamovibles. Por ejemplo, dedicar dos horas cada ma\u00f1ana exclusivamente a la creaci\u00f3n, sin tel\u00e9fono, correos ni distracciones. Esta t\u00e9cnica, utilizada por escritores y artistas en Madrid o Barcelona, ayuda a cultivar la disciplina sin perder flexibilidad.<\/p>\n<p data-start=\"2595\" data-end=\"3100\">La <strong data-start=\"2598\" data-end=\"2623\">gesti\u00f3n de la energ\u00eda<\/strong> es tan importante como la del tiempo. La creatividad requiere atenci\u00f3n profunda, algo dif\u00edcil de mantener durante largas horas. Hacer pausas conscientes, moverse, respirar o simplemente mirar por la ventana puede reactivar la mente. En Espa\u00f1a, el ritmo natural del d\u00eda \u2014con sus momentos de descanso, caf\u00e9 o conversaci\u00f3n\u2014 ofrece un marco ideal para esta alternancia entre acci\u00f3n y pausa. Lejos de ser p\u00e9rdida de tiempo, estos momentos act\u00faan como fertilizante para las ideas.<\/p>\n<p data-start=\"3102\" data-end=\"3555\">Un obst\u00e1culo com\u00fan en la vida creativa es la <strong data-start=\"3147\" data-end=\"3166\">procrastinaci\u00f3n<\/strong>, ese h\u00e1bito de postergar tareas por miedo, perfeccionismo o falta de claridad. La mejor manera de superarla no es forzar la productividad, sino <strong data-start=\"3311\" data-end=\"3330\">empezar peque\u00f1o<\/strong>. Dividir los proyectos en pasos sencillos, establecer objetivos concretos y premiar los avances crea una sensaci\u00f3n de progreso que mantiene la motivaci\u00f3n. La perfecci\u00f3n es enemiga del movimiento: lo importante es comenzar.<!--nextpage--><\/p>\n<p data-start=\"3557\" data-end=\"4070\">Las <strong data-start=\"3561\" data-end=\"3587\">herramientas digitales<\/strong> tambi\u00e9n pueden ser aliadas del tiempo creativo, siempre que se usen con equilibrio. Aplicaciones para organizar tareas, tomar notas o planificar proyectos ayudan a visualizar el avance y liberar espacio mental. Sin embargo, el exceso de tecnolog\u00eda puede convertirse en distracci\u00f3n. Muchos creadores espa\u00f1oles combinan m\u00e9todos anal\u00f3gicos \u2014cuadernos, pizarras, post-its\u2014 con herramientas digitales simples, para mantener una relaci\u00f3n m\u00e1s tangible y org\u00e1nica con su proceso creativo.<\/p>\n<p data-start=\"4072\" data-end=\"4457\">Otro aspecto esencial es <strong data-start=\"4097\" data-end=\"4120\">aprender a decir no<\/strong>. La creatividad necesita espacio, y ese espacio se pierde cuando se acepta todo. En una cultura socialmente activa como la espa\u00f1ola, donde las colaboraciones y proyectos conjuntos son frecuentes, establecer l\u00edmites se convierte en un acto de autocuidado. Decir no a ciertas oportunidades permite decir s\u00ed a las que realmente importan.<\/p>\n<p data-start=\"4459\" data-end=\"4911\">La <strong data-start=\"4462\" data-end=\"4487\">planificaci\u00f3n semanal<\/strong> puede ser una aliada poderosa. En lugar de programar cada hora, basta con establecer tres o cuatro objetivos principales por semana. Esto ofrece direcci\u00f3n sin rigidez. Algunos artistas reservan un d\u00eda espec\u00edfico para tareas administrativas \u2014correos, facturas, gesti\u00f3n\u2014 y dedican el resto a la creaci\u00f3n. Esta estrategia permite mantener la concentraci\u00f3n y evita que las peque\u00f1as obligaciones interrumpan el flujo creativo.<\/p>\n<p data-start=\"4913\" data-end=\"5307\">El entorno tambi\u00e9n influye en la gesti\u00f3n del tiempo. Un espacio ordenado, con buena luz y sin distracciones, favorece la concentraci\u00f3n. En los estudios de arte y oficinas creativas en Espa\u00f1a, se valora cada vez m\u00e1s el dise\u00f1o funcional, la calma visual y la conexi\u00f3n con la naturaleza. Trabajar en un lugar que inspire no solo mejora el rendimiento, sino que convierte el proceso en un placer.<\/p>\n<p data-start=\"5309\" data-end=\"5775\">Por \u00faltimo, hay que recordar que <strong data-start=\"5342\" data-end=\"5407\">la creatividad no se mide por la cantidad de horas trabajadas<\/strong>, sino por la calidad del enfoque. Un d\u00eda productivo no es aquel en el que se hacen muchas cosas, sino aquel en el que se avanza en lo esencial. Saber detenerse, descansar y recargar energ\u00eda es tan importante como crear. En la cultura espa\u00f1ola, donde el equilibrio entre trabajo y vida personal a\u00fan conserva un valor profundo, esta filosof\u00eda encaja de forma natural.<\/p>\n<p data-start=\"5777\" data-end=\"6266\" data-is-last-node=\"\" data-is-only-node=\"\">La gesti\u00f3n del tiempo para personas creativas es, en el fondo, un acto de armon\u00eda: entre estructura y libertad, entre disciplina y espontaneidad. No se trata de dominar el reloj, sino de convivir con \u00e9l, de usarlo como aliado. En una sociedad que premia la velocidad, el verdadero lujo creativo consiste en poder dedicar tiempo a pensar, imaginar y crear sin prisa. Porque solo cuando el tiempo deja de ser enemigo, la creatividad puede convertirse en una fuente inagotable de inspiraci\u00f3n.<\/p>\n","protected":false},"excerpt":{"rendered":"<p>El tiempo es el recurso m\u00e1s valioso y, al mismo tiempo, el m\u00e1s escurridizo. Para las personas creativas \u2014artistas, dise\u00f1adores, escritores, m\u00fasicos, emprendedores\u2014, gestionarlo puede convertirse en un verdadero desaf\u00edo.&hellip;<\/p>\n","protected":false},"author":2,"featured_media":119,"comment_status":"open","ping_status":"open","sticky":false,"template":"","format":"standard","meta":{"footnotes":""},"categories":[29],"tags":[],"class_list":["post-118","post","type-post","status-publish","format-standard","has-post-thumbnail","hentry","category-crecimiento-personal-y-estilo-de-vida"],"_links":{"self":[{"href":"https:\/\/ambiatragi.com\/index.php?rest_route=\/wp\/v2\/posts\/118","targetHints":{"allow":["GET"]}}],"collection":[{"href":"https:\/\/ambiatragi.com\/index.php?rest_route=\/wp\/v2\/posts"}],"about":[{"href":"https:\/\/ambiatragi.com\/index.php?rest_route=\/wp\/v2\/types\/post"}],"author":[{"embeddable":true,"href":"https:\/\/ambiatragi.com\/index.php?rest_route=\/wp\/v2\/users\/2"}],"replies":[{"embeddable":true,"href":"https:\/\/ambiatragi.com\/index.php?rest_route=%2Fwp%2Fv2%2Fcomments&post=118"}],"version-history":[{"count":1,"href":"https:\/\/ambiatragi.com\/index.php?rest_route=\/wp\/v2\/posts\/118\/revisions"}],"predecessor-version":[{"id":120,"href":"https:\/\/ambiatragi.com\/index.php?rest_route=\/wp\/v2\/posts\/118\/revisions\/120"}],"wp:featuredmedia":[{"embeddable":true,"href":"https:\/\/ambiatragi.com\/index.php?rest_route=\/wp\/v2\/media\/119"}],"wp:attachment":[{"href":"https:\/\/ambiatragi.com\/index.php?rest_route=%2Fwp%2Fv2%2Fmedia&parent=118"}],"wp:term":[{"taxonomy":"category","embeddable":true,"href":"https:\/\/ambiatragi.com\/index.php?rest_route=%2Fwp%2Fv2%2Fcategories&post=118"},{"taxonomy":"post_tag","embeddable":true,"href":"https:\/\/ambiatragi.com\/index.php?rest_route=%2Fwp%2Fv2%2Ftags&post=118"}],"curies":[{"name":"wp","href":"https:\/\/api.w.org\/{rel}","templated":true}]}}